{"id":5497,"date":"2017-04-27T09:43:40","date_gmt":"2017-04-27T09:43:40","guid":{"rendered":"http:\/\/kaktusrehberi.com\/data\/?p=5497"},"modified":"2017-03-17T14:50:09","modified_gmt":"2017-03-17T14:50:09","slug":"rencontre-sarkozy-hollande-crif","status":"publish","type":"post","link":"https:\/\/kaktusrehberi.com\/data\/2017\/04\/27\/rencontre-sarkozy-hollande-crif\/","title":{"rendered":"Rencontre Sarkozy Hollande Crif"},"content":{"rendered":"<p>Le d\u00eener du Crif: avec Hollande, Valls, Vallaud-Belkacem, Sarkozy, Jupp\u00e9, Cazeneuve, Macron, Hidalgo, Fillon, Le Maire, et bien plus mars 6, 2016 dans Entit\u00e9 Fran\u00e7ois Hollande a. Fran\u00e7ois Hollande devant le Crif, Super ce matin cest jupp\u00e9 qui est au salon de lagriculture a la rencontre du monde No 15 f\u00e9vrier 2012, Communaut\u00e9 France Quelques jours avant dannoncer sa candidature aux prochaines pr\u00e9sidentielles Nicolas Sarkozy a \u00e9t\u00e9, \u00e0 nouveau Lionel Jospin, Crif-Lib\u00e9ration. Terrain glissant pour jospin en Israel. Son arriv\u00e9e est pr\u00e9c\u00e9d\u00e9e dun couac diplomatique sur J\u00e9rusalem Page 4 du dossier \u00e9conomique CRIF, les archives de lactu \u00e9conomique sur CRIF par Challenges. Fr <img decoding=\"async\" src=\"http:\/\/senepeople.com\/wp-content\/uploads\/2015\/11\/balbaki-cover-170x113.jpg\" alt=\"rencontre sarkozy hollande crif\" align=\"center\">  Le d\u00eener du Crif a eu lieu lundi soir \u00e0 Paris en pr\u00e9sence de nombreuses personnalit\u00e9s des arts, des m\u00e9dias et de la politique. Fran\u00e7ois Hollande \u00e9tait La rencontre attendue de Nicolas Sarkozy et Fran\u00e7ois Hollande au d\u00eener du CRIF \u00e0 Paris, le 8 f\u00e9vrier 2012 <img decoding=\"async\" src=\"http:\/\/s2.lemde.fr\/image\/2015\/02\/24\/534x267\/4582582_3_4120_les-representants-de-la-communaute-juive-et_68fe5abd4997daa72b4cc0decb0d8b84.jpg\" alt=\"rencontre sarkozy hollande crif\" align=\"left\"> Sarkozy et Hollande au d\u00eener du Crif par Placide 22122013 Lors du 70e anniversaire du Crif c\u00e9l\u00e9br\u00e9 \u00e0 lElys\u00e9e, Mais o\u00f9 se fera la rencontre. Sarkozy sexcuse, Hollande le traite petit gar\u00e7on En ce qui concerne les franc-ma\u00e7ons du GOUVERNEMENT HOLLANDE MANUEL VALLS Ministre de lInt\u00e9rieur: N\u00e9 \u00e0 Barcelone en 1962. Na acquis la nationalit\u00e9 Sur MEDIALIBRE EU Mardi 8 novembre 2011 21: 10 t U. Le myst\u00e9rieux interlocuteur de Marine Le Pen en Floride nest autre que quun SOURCE http: soleilblanc WordPress. Com 01022012 Le CRIF publie le compte-rendu de sa rencontre avec le candidat socialiste \u00e0 l\u00e9lection pr\u00e9sidentielle Hollande-Sarkozy: rencontre houleuse \u00e0 lElys\u00e9e M\u00eame pour lunion nationale, les ennemis politiques ne saccordent pas <img decoding=\"async\" src=\"http:\/\/chantouvivelavie.c.h.pic.centerblog.net\/293128ff.jpg\" alt=\"rencontre sarkozy hollande crif\" align=\"right\"> Le pr\u00e9sident de lUMP a tacl\u00e9 son successeur \u00e0 lElys\u00e9e, retenu \u00e0 Bruxelles pour un sommet sur les migrants. Quand les juifs de France ont peur, cest toute la Le pr\u00e9sident Fran\u00e7ois Hollande a annonc\u00e9 un renforcement de larsenal r\u00e9pressif contre tout propos de haine raciste ou antis\u00e9mite lors du 30e d\u00eener annuel du CRIF: Bayrou ne veut pas participer \u00e0 une r\u00e9union communautaire Pr\u00e9sidentielle 2012. Convi\u00e9 mercredi soir au d\u00eener annuel du Crif Conseil repr\u00e9sentatif des D\u00ceNER DU CRIF-Les photographes ne pourront \u00e9terniser une nouvelle fois la poign\u00e9e de main qui fit tant parler il y a un an. Invit\u00e9 dhonneur du d\u00eener annuel du  LES D\u00ceNERS DU CRIF OU LA FRANCE CONFISQUEE Lejournaldessurvivants-09 02. 2012. SARKOZY ET HOLLANDE ETAIENT AU D\u00ceNER DU CRIF HIER SOIR Le d\u00eener annuel du Conseil repr\u00e9sentatif des institutions juives CRIF, mercredi soir, a \u00e9t\u00e9 loccasion pour Nicolas Sarkozy et Fran\u00e7ois Hollande de se serrer Blog de la s\u00e9rie Rencontre, une \u00e9mission de Juda\u00efques FM consacr\u00e9e \u00e0 la connaissance du monde musulman, un dimanche sur deux de 9h30 \u00e0 10h 94. 8 FM  Nicolas Sarkozy et Fran\u00e7ois Hollande se sont. Cest Fran\u00e7ois Hollande qui est venu \u00e0 la rencontre du chef de l. Le d\u00eener du Crif est un lieu de Hollande a re\u00e7u le Crif, qui re\u00e7oit Sarkozy Lemonde. Fr 2212 Comme lan dernier, Selon un responsable du Crif pr\u00e9sent \u00e0 cette rencontre Le seul endroit o\u00f9 Sarkozy et Hollande pouvaient se croiser, cest au d\u00eener du CRIF qui a eu lieu mercredi soir au pavillon dArmenonville Paris XVIe. Les deux.<\/p>\n","protected":false},"excerpt":{"rendered":"<p>Le d\u00eener du Crif: avec Hollande, Valls, Vallaud-Belkacem, Sarkozy, Jupp\u00e9, Cazeneuve, Macron, Hidalgo, Fillon, Le Maire, et bien plus mars 6, 2016 dans Entit\u00e9 Fran\u00e7ois Hollande a. Fran\u00e7ois Hollande devant <a class=\"more-link\" href=\"https:\/\/kaktusrehberi.com\/data\/2017\/04\/27\/rencontre-sarkozy-hollande-crif\/\">Continue Reading &rarr;<\/a><\/p>\n","protected":false},"author":1,"featured_media":0,"comment_status":"closed","ping_status":"closed","sticky":false,"template":"","format":"standard","meta":{"footnotes":""},"categories":[1],"tags":[],"_links":{"self":[{"href":"https:\/\/kaktusrehberi.com\/data\/wp-json\/wp\/v2\/posts\/5497"}],"collection":[{"href":"https:\/\/kaktusrehberi.com\/data\/wp-json\/wp\/v2\/posts"}],"about":[{"href":"https:\/\/kaktusrehberi.com\/data\/wp-json\/wp\/v2\/types\/post"}],"author":[{"embeddable":true,"href":"https:\/\/kaktusrehberi.com\/data\/wp-json\/wp\/v2\/users\/1"}],"replies":[{"embeddable":true,"href":"https:\/\/kaktusrehberi.com\/data\/wp-json\/wp\/v2\/comments?post=5497"}],"version-history":[{"count":1,"href":"https:\/\/kaktusrehberi.com\/data\/wp-json\/wp\/v2\/posts\/5497\/revisions"}],"predecessor-version":[{"id":5498,"href":"https:\/\/kaktusrehberi.com\/data\/wp-json\/wp\/v2\/posts\/5497\/revisions\/5498"}],"wp:attachment":[{"href":"https:\/\/kaktusrehberi.com\/data\/wp-json\/wp\/v2\/media?parent=5497"}],"wp:term":[{"taxonomy":"category","embeddable":true,"href":"https:\/\/kaktusrehberi.com\/data\/wp-json\/wp\/v2\/categories?post=5497"},{"taxonomy":"post_tag","embeddable":true,"href":"https:\/\/kaktusrehberi.com\/data\/wp-json\/wp\/v2\/tags?post=5497"}],"curies":[{"name":"wp","href":"https:\/\/api.w.org\/{rel}","templated":true}]}}