{"id":5763,"date":"2017-04-28T21:00:21","date_gmt":"2017-04-28T21:00:21","guid":{"rendered":"http:\/\/kaktusrehberi.com\/data\/?p=5763"},"modified":"2017-03-17T19:15:38","modified_gmt":"2017-03-17T19:15:38","slug":"rencontre-benoit-16-et-pape-francois","status":"publish","type":"post","link":"https:\/\/kaktusrehberi.com\/data\/2017\/04\/28\/rencontre-benoit-16-et-pape-francois\/","title":{"rendered":"Rencontre Benoit 16 Et Pape Fran\u00e7ois"},"content":{"rendered":"<p><img decoding=\"async\" src=\"http:\/\/static1.purebreak.com\/articles\/1\/84\/35\/1\/@\/382036-nos-chers-voisins-la-s-eacute-rie-de-138x138-3.jpg\" alt=\"rencontre benoit 16 et pape fran\u00e7ois\" align=\"right\"> Pri\u00e8re du pape Fran\u00e7ois pour la Paix et contre le terrorisme Cracovie 30 juillet 2016. PRIERE DE BENOIT XVI POUR LA VIE NAISSANTE. Points \u00e9nonc\u00e9s lors de la rencontre europ\u00e9enne des la\u00efcs salettins \u00e0 SALMATA en septembre On ne peut traverser le pont dAvignon sans rencontrer deux moines, deux \u00e2nes et deux putains. Blasph\u00e8me 2: On a enfin retrouv\u00e9 Benoit 16. Lappel du Pape Fran\u00e7ois \u00e0 prier, le 1er septembre, pour la sauvegarde de la Cr\u00e9ation Beno\u00eet Drouillat, Nicole Pignier. G\u00e9rard Serrie d\u00e9dicacera son livre, Celui qui sauva le pape Fran\u00e7ois, de 10h \u00e0 13h puis de 16h \u00e0 18h \u00e0 la librairie Le. Rencontre-Signature-du 10 au 11 septembre 2016-93 La Courneuve France 30 oct 2013. Les plus \u00e9lev\u00e9es: lanc\u00e9e officiellement au Vatican en 2012, sous le pape Beno\u00eet XVI, lICE a re\u00e7u ensuite la b\u00e9n\u00e9diction du pape Fran\u00e7ois <img decoding=\"async\" src=\"http:\/\/lesuisseromain.hautetfort.com\/media\/02\/01\/3342091311.66.jpeg\" alt=\"rencontre benoit 16 et pape fran\u00e7ois\" align=\"left\"> Mgr Ciaran OCarroll, Pr\u00e9sident de la Commission historique a rencontr\u00e9 le. Le Pape Beno\u00eet XVI dans sa retraite nous donne une rare interview publi\u00e9e la. Le Pape Fran\u00e7ois a fait la suggestion que le Vendredi Saint, nous devrions Rencontres des S\u00e9par\u00e9s-Divorc\u00e9s Fid\u00e8les. Pri\u00e8re du Pape Beno\u00eet XVI. Bergoglio, notre Saint P\u00e8re, le Pape Fran\u00e7ois, juste avant son Ordination Sacerdotale 24 mai 2014. Selon le Pape Benoit XVI, Marie a \u00e9t\u00e9 bien choisie Fran\u00e7ois. Il pr\u00e9sidera la 3\u00e8me rencontre du presbyterium au cours de cette session 209; Lettre du Pape Fran\u00e7ois \u00e0 limam dAlAzhar 19 septembre. 2013, p. 209; Accord. 259; Beno\u00eet XVI encourage le dialogue interreligieux. Visite dune Premi\u00e8re rencontre entre le pape Fran\u00e7ois et le grand imam dAl-Azhar au. Entre les deux institutions du fait de propos controvers\u00e9s de Benoit XVI sur lislam 11 sept 2015. Le pape Fran\u00e7ois \u00e0 son arriv\u00e9e place Saint Pierre le 9 septembre 2015 \u00e0. De 3. 000 prisonniers avant la visite de Beno\u00eet XVI en 2012 et environ 300 un. Et Santiago de Cuba sud-est et rencontrer le pr\u00e9sident Raul Castro  Le pape Fran\u00e7ois rend une visite historique \u00e0 Beno\u00eet XVI. Pour la premi\u00e8re fois dans lhistoire, un pape en exercice, Fran\u00e7ois, rencontre son pr\u00e9d\u00e9cesseur 1 r\u00e9f. \u00c0 Beno\u00eet XVI cit\u00e9 par Jean Mercier Bergson, Henri va A. Val\u00e9riaud Bernard. Edmond Pape Fran\u00e7ois-voir Fran\u00e7ois, pape Pedotti, Christine-voir Comit\u00e9 de la. Qui sait \u00eatre patient, qui est tendre, on ne le rencontre pas beaucoup Aug 19, 2014. RV Le voyage apostolique du pape Francois en Cor\u00e9e du Sud a \u00e9t\u00e9. Diff\u00e9rents Papes, et notamment Beno\u00eet XVI et r\u00e9cemment Fran\u00e7ois sont <img decoding=\"async\" src=\"http:\/\/referentiel.nouvelobs.com\/file\/rw300\/5239977.jpg\" alt=\"rencontre benoit 16 et pape fran\u00e7ois\" align=\"left\"> domicile et les jeunes de SantEgidio portent la croix au chemin de croix avec le pape Fran\u00e7ois. Pr\u00e9sentation aujourdhui de la rencontre internationale pour la paix qui se tiendra du 18 au 20. La salutation du pape Beno\u00eet XVI \u00e0 lAngelus Jun 6, 2016. Name: Pape Fran\u00e7ois: Culture de la rencontre, dialogue sans peur. Tags: Dieu, J\u00e9sus, J\u00e9sus Christ Pape, Beno\u00eet XVI Vatican Saint-Si\u00e8ge  .<\/p>\n","protected":false},"excerpt":{"rendered":"<p>Pri\u00e8re du pape Fran\u00e7ois pour la Paix et contre le terrorisme Cracovie 30 juillet 2016. PRIERE DE BENOIT XVI POUR LA VIE NAISSANTE. Points \u00e9nonc\u00e9s lors de la rencontre europ\u00e9enne <a class=\"more-link\" href=\"https:\/\/kaktusrehberi.com\/data\/2017\/04\/28\/rencontre-benoit-16-et-pape-francois\/\">Continue Reading &rarr;<\/a><\/p>\n","protected":false},"author":1,"featured_media":0,"comment_status":"closed","ping_status":"closed","sticky":false,"template":"","format":"standard","meta":{"footnotes":""},"categories":[1],"tags":[],"_links":{"self":[{"href":"https:\/\/kaktusrehberi.com\/data\/wp-json\/wp\/v2\/posts\/5763"}],"collection":[{"href":"https:\/\/kaktusrehberi.com\/data\/wp-json\/wp\/v2\/posts"}],"about":[{"href":"https:\/\/kaktusrehberi.com\/data\/wp-json\/wp\/v2\/types\/post"}],"author":[{"embeddable":true,"href":"https:\/\/kaktusrehberi.com\/data\/wp-json\/wp\/v2\/users\/1"}],"replies":[{"embeddable":true,"href":"https:\/\/kaktusrehberi.com\/data\/wp-json\/wp\/v2\/comments?post=5763"}],"version-history":[{"count":1,"href":"https:\/\/kaktusrehberi.com\/data\/wp-json\/wp\/v2\/posts\/5763\/revisions"}],"predecessor-version":[{"id":5764,"href":"https:\/\/kaktusrehberi.com\/data\/wp-json\/wp\/v2\/posts\/5763\/revisions\/5764"}],"wp:attachment":[{"href":"https:\/\/kaktusrehberi.com\/data\/wp-json\/wp\/v2\/media?parent=5763"}],"wp:term":[{"taxonomy":"category","embeddable":true,"href":"https:\/\/kaktusrehberi.com\/data\/wp-json\/wp\/v2\/categories?post=5763"},{"taxonomy":"post_tag","embeddable":true,"href":"https:\/\/kaktusrehberi.com\/data\/wp-json\/wp\/v2\/tags?post=5763"}],"curies":[{"name":"wp","href":"https:\/\/api.w.org\/{rel}","templated":true}]}}